{"id":901,"date":"2021-12-20T15:02:44","date_gmt":"2021-12-20T14:02:44","guid":{"rendered":"https:\/\/parrocchiadibidogno.ch\/?p=901"},"modified":"2023-03-10T10:26:35","modified_gmt":"2023-03-10T09:26:35","slug":"sinodo-2021-2023","status":"publish","type":"post","link":"https:\/\/parrocchiadibidogno.ch\/?p=901","title":{"rendered":"Sinodo 2021 &#8211; 2023"},"content":{"rendered":"\n<p>La Chiesa di Dio \u00e8 convocata in Sinodo. Con questa convocazione, Papa Francesco invita tutta la Chiesa a interrogarsi sulla sinodalit\u00e0: un tema decisivo per la vita e la missione della Chiesa.<br>Questo sito accompagner\u00e0 il cammino biennale (2021-2023) di riflessione e condivisione di tutta la Chiesa.<\/p>\n\n\n\n<p><a href=\"https:\/\/www.synod.va\/it.html\" target=\"_blank\" rel=\"noreferrer noopener\">https:\/\/www.synod.va\/it.html<\/a><\/p>\n\n\n\n<figure class=\"wp-block-image size-full\"><img decoding=\"async\" src=\"https:\/\/parrocchiadibidogno.ch\/wp-content\/uploads\/2021\/12\/LOGO_JPEG_IT.jpg\" alt=\"\" class=\"wp-image-906\"\/><\/figure>\n\n\n\n<div data-wp-interactive=\"core\/file\" class=\"wp-block-file\"><object data-wp-bind--hidden=\"!state.hasPdfPreview\" hidden class=\"wp-block-file__embed\" data=\"https:\/\/parrocchiadibidogno.ch\/wp-content\/uploads\/2021\/12\/2021-12-20-14-52-1.pdf\" type=\"application\/pdf\" style=\"width:100%;height:600px\" aria-label=\"Incorporamento PDF\"><\/object><a href=\"https:\/\/parrocchiadibidogno.ch\/wp-content\/uploads\/2021\/12\/2021-12-20-14-52-1.pdf\" class=\"wp-block-file__button wp-element-button\" download>Download<\/a><\/div>\n","protected":false},"excerpt":{"rendered":"<p>La Chiesa di Dio \u00e8 convocata in Sinodo. Con questa convocazione, Papa Francesco invita tutta la Chiesa a interrogarsi sulla<span class=\"more-dots\">&#8230;<\/span> <span class=\"more-tag d-block mt-15 is-style-arrow\"><a class=\"more-link wp-block-button__link\" href=\"https:\/\/parrocchiadibidogno.ch\/?p=901\">Continua...<span class=\"screen-reader-text\"> \"Sinodo 2021 &#8211; 2023\"<\/span><\/a><\/span><!-- .more-tag --><\/p>\n","protected":false},"author":1,"featured_media":906,"comment_status":"closed","ping_status":"open","sticky":false,"template":"","format":"standard","meta":{"footnotes":""},"categories":[23,29,33],"tags":[],"class_list":["post-901","post","type-post","status-publish","format-standard","has-post-thumbnail","hentry","category-preghiere","category-sinodo","category-vaticano"],"_links":{"self":[{"href":"https:\/\/parrocchiadibidogno.ch\/index.php?rest_route=\/wp\/v2\/posts\/901","targetHints":{"allow":["GET"]}}],"collection":[{"href":"https:\/\/parrocchiadibidogno.ch\/index.php?rest_route=\/wp\/v2\/posts"}],"about":[{"href":"https:\/\/parrocchiadibidogno.ch\/index.php?rest_route=\/wp\/v2\/types\/post"}],"author":[{"embeddable":true,"href":"https:\/\/parrocchiadibidogno.ch\/index.php?rest_route=\/wp\/v2\/users\/1"}],"replies":[{"embeddable":true,"href":"https:\/\/parrocchiadibidogno.ch\/index.php?rest_route=%2Fwp%2Fv2%2Fcomments&post=901"}],"version-history":[{"count":2,"href":"https:\/\/parrocchiadibidogno.ch\/index.php?rest_route=\/wp\/v2\/posts\/901\/revisions"}],"predecessor-version":[{"id":2174,"href":"https:\/\/parrocchiadibidogno.ch\/index.php?rest_route=\/wp\/v2\/posts\/901\/revisions\/2174"}],"wp:featuredmedia":[{"embeddable":true,"href":"https:\/\/parrocchiadibidogno.ch\/index.php?rest_route=\/wp\/v2\/media\/906"}],"wp:attachment":[{"href":"https:\/\/parrocchiadibidogno.ch\/index.php?rest_route=%2Fwp%2Fv2%2Fmedia&parent=901"}],"wp:term":[{"taxonomy":"category","embeddable":true,"href":"https:\/\/parrocchiadibidogno.ch\/index.php?rest_route=%2Fwp%2Fv2%2Fcategories&post=901"},{"taxonomy":"post_tag","embeddable":true,"href":"https:\/\/parrocchiadibidogno.ch\/index.php?rest_route=%2Fwp%2Fv2%2Ftags&post=901"}],"curies":[{"name":"wp","href":"https:\/\/api.w.org\/{rel}","templated":true}]}}