{"id":854,"date":"2020-07-12T16:11:00","date_gmt":"2020-07-12T14:11:00","guid":{"rendered":"https:\/\/parrocchiadibidogno.ch\/?p=854"},"modified":"2024-04-23T13:43:22","modified_gmt":"2024-04-23T11:43:22","slug":"massi-in-luce-gli-affreschi-della-chiesa-di-san-barnaba","status":"publish","type":"post","link":"https:\/\/parrocchiadibidogno.ch\/?p=854","title":{"rendered":"Messi in luce gli affreschi della chiesa di San Barnaba"},"content":{"rendered":"\n<p>Tratto da \u201cGAZZETTA TICINESE\u201d del 12 luglio 1966<\/p>\n\n\n\n<p class=\"justify-text\">Chi avrebbe pensato che la chie\u00adsa parrocchiale di San Barnaba celasse, sotto la coltre di calce, pre\u00adziosi affreschi che si possono far ri\u00adsalire verso il 500? Essi sono venu\u00adti alla luce non tanto tempo fa e si \u00e8 dato mano a metterli in evidenza nel loro splendore durante l\u2019inver\u00adno scorso. Sono cos\u00ec stati messi in rilievo gli affreschi della volta e anche quelli ai lati dell\u2019altare. Un lavoro pregevole \u00e8 stato fatto ed \u00e8 stata opera da certosino, al fine di non guastarli. La Chiesa si presenta cos\u00ec con un nuovo volto e ci\u00f2 che \u00e8 da mettere in evidenza si presenta con questi ottimi dipinti che, per tanti decen\u00adni, se non addirittura per secoli, fu\u00adrono nascosti e di conseguenza igno\u00adrati.<\/p>\n\n\n\n<div class=\"wp-block-columns are-vertically-aligned-center is-layout-flex wp-container-core-columns-is-layout-9d6595d7 wp-block-columns-is-layout-flex\">\n<div class=\"wp-block-column is-vertically-aligned-center is-layout-flow wp-block-column-is-layout-flow\" style=\"flex-basis:100%\">\n<div class=\"wp-block-group is-layout-constrained wp-block-group-is-layout-constrained\"><a href=\"https:\/\/parrocchiadibidogno.ch\/wp-content\/uploads\/2020\/07\/gt_1966-07-12_002.pdf\" class=\"pdfemb-viewer\" style=\"\" data-width=\"max\" data-height=\"max\" data-mobile-width=\"500\"  data-scrollbar=\"none\" data-download=\"off\" data-tracking=\"on\" data-newwindow=\"on\" data-pagetextbox=\"off\" data-scrolltotop=\"off\" data-startzoom=\"100\" data-startfpzoom=\"100\" data-toolbar=\"bottom\" data-toolbar-fixed=\"off\">gt_1966-07-12_002<br\/><\/a>\n<p class=\"wp-block-pdfemb-pdf-embedder-viewer\"><\/p>\n<\/div>\n<\/div>\n<\/div>\n","protected":false},"excerpt":{"rendered":"<p>Tratto da \u201cGAZZETTA TICINESE\u201d del 12 luglio 1966 Chi avrebbe pensato che la chie\u00adsa parrocchiale di San Barnaba celasse, sotto<span class=\"more-dots\">&#8230;<\/span> <span class=\"more-tag d-block mt-15 is-style-arrow\"><a class=\"more-link wp-block-button__link\" href=\"https:\/\/parrocchiadibidogno.ch\/?p=854\">Continua...<span class=\"screen-reader-text\"> \"Messi in luce gli affreschi della chiesa di San Barnaba\"<\/span><\/a><\/span><!-- .more-tag --><\/p>\n","protected":false},"author":1,"featured_media":2274,"comment_status":"closed","ping_status":"open","sticky":false,"template":"","format":"standard","meta":{"footnotes":""},"categories":[2,9,27,31],"tags":[],"class_list":["post-854","post","type-post","status-publish","format-standard","has-post-thumbnail","hentry","category-articoli-di-giornale","category-chiesa-parrocchiale","category-san-barnaba","category-storia"],"_links":{"self":[{"href":"https:\/\/parrocchiadibidogno.ch\/index.php?rest_route=\/wp\/v2\/posts\/854","targetHints":{"allow":["GET"]}}],"collection":[{"href":"https:\/\/parrocchiadibidogno.ch\/index.php?rest_route=\/wp\/v2\/posts"}],"about":[{"href":"https:\/\/parrocchiadibidogno.ch\/index.php?rest_route=\/wp\/v2\/types\/post"}],"author":[{"embeddable":true,"href":"https:\/\/parrocchiadibidogno.ch\/index.php?rest_route=\/wp\/v2\/users\/1"}],"replies":[{"embeddable":true,"href":"https:\/\/parrocchiadibidogno.ch\/index.php?rest_route=%2Fwp%2Fv2%2Fcomments&post=854"}],"version-history":[{"count":2,"href":"https:\/\/parrocchiadibidogno.ch\/index.php?rest_route=\/wp\/v2\/posts\/854\/revisions"}],"predecessor-version":[{"id":2186,"href":"https:\/\/parrocchiadibidogno.ch\/index.php?rest_route=\/wp\/v2\/posts\/854\/revisions\/2186"}],"wp:featuredmedia":[{"embeddable":true,"href":"https:\/\/parrocchiadibidogno.ch\/index.php?rest_route=\/wp\/v2\/media\/2274"}],"wp:attachment":[{"href":"https:\/\/parrocchiadibidogno.ch\/index.php?rest_route=%2Fwp%2Fv2%2Fmedia&parent=854"}],"wp:term":[{"taxonomy":"category","embeddable":true,"href":"https:\/\/parrocchiadibidogno.ch\/index.php?rest_route=%2Fwp%2Fv2%2Fcategories&post=854"},{"taxonomy":"post_tag","embeddable":true,"href":"https:\/\/parrocchiadibidogno.ch\/index.php?rest_route=%2Fwp%2Fv2%2Ftags&post=854"}],"curies":[{"name":"wp","href":"https:\/\/api.w.org\/{rel}","templated":true}]}}